{"provider_url": "https://www.carambei.pr.leg.br", "title": "Audi\u00eancia P\u00fablica TEA.", "html": "<p data-start=\"0\" data-end=\"135\">\u00a0</p>\r\n<p data-start=\"0\" data-end=\"135\">A Comiss\u00e3o de Sa\u00fade convida para Audi\u00eancia P\u00fablica no dia <strong data-start=\"58\" data-end=\"89\">28 de abril de 2026, \u00e0s 14h</strong>, no Plen\u00e1rio da C\u00e2mara Municipal de Carambe\u00ed.</p>\r\n<p data-start=\"137\" data-end=\"328\">O encontro discutir\u00e1 o <strong data-start=\"160\" data-end=\"184\"><a class=\"external-link\" href=\"https://sapl.carambei.pr.leg.br/materia/3946\" target=\"_self\" title=\"\">Projeto de Lei n\u00ba 39</a></strong>, sobre o Transtorno do Espectro Autista (TEA), promovendo di\u00e1logo e participa\u00e7\u00e3o da comunidade na constru\u00e7\u00e3o de pol\u00edticas p\u00fablicas de inclus\u00e3o.</p>\r\n<p data-start=\"330\" data-end=\"358\" data-is-last-node=\"\" data-is-only-node=\"\">Contamos com a sua presen\u00e7a.</p>\r\n<p data-start=\"330\" data-end=\"358\" data-is-last-node=\"\" data-is-only-node=\"\"><img src=\"https://www.carambei.pr.leg.br/institucional/agenda-de-eventos/Autismo.png/@@images/13222eb2-e215-4e09-8c9d-5446278d0819.png\" alt=\"\" class=\"image-inline\" title=\"\" /></p>", "author_name": "", "version": "1.0", "author_url": "https://www.carambei.pr.leg.br/author/crk", "provider_name": "C\u00e2mara Municipal de Carambe\u00ed", "type": "rich"}