{"provider_url": "https://www.carambei.pr.leg.br", "title": "Evento \u201cFeir\u00e3o do Emprego\u201d.", "html": "<p>Sala de Reuni\u00f5es da C\u00e2mara Municipal, no dia 07 de maio de 2026, no per\u00edodo das 14h \u00e0s 16h.</p>", "author_name": "", "version": "1.0", "author_url": "https://www.carambei.pr.leg.br/author/crk", "provider_name": "C\u00e2mara Municipal de Carambe\u00ed", "type": "rich"}