{"provider_url": "https://www.carambei.pr.leg.br", "title": "LGPD", "html": "<p style=\"text-align: justify; \"><b>LEI GERAL DE PROTE\u00c7\u00c3O DE DADOS, O QUE \u00c9?</b></p>\r\n<p style=\"text-align: justify; \">A LGPD regulamentada pela\u00a0<a href=\"https://www.planalto.gov.br/ccivil_03/_ato2015-2018/2018/lei/l13709.htm\" target=\"_blank\"><b>Lei n.\u00ba 13.709, de 14 de agosto de 2018</b></a>, disp\u00f5e sobre o tratamento de dados das pessoas naturais (pessoas f\u00edsicas), inclusive nos meios digitais.</p>\r\n<p style=\"text-align: justify; \">A Lei se aplica ao tratamento (utiliza\u00e7\u00e3o) de dados pessoais realizado por pessoas f\u00edsicas ou jur\u00eddicas de direito p\u00fablico ou privado, e tem por objetivo proteger os direitos fundamentais de liberdade e de privacidade, e o livre desenvolvimento da personalidade da pessoa natural.\u00a0Na C\u00e2mara Municipal de Carambe\u00ed, a LGPD est\u00e1 regulamentada pela\u00a0<b><a title=\"\" href=\"https://www.carambei.pr.leg.br/institucional/Portaria712023LGPD.pdf\" class=\"internal-link\" target=\"_self\">Portaria n.\u00ba 71/2023</a></b>, publicada no <a class=\"external-link\" href=\"https://dosp.com.br/exibe_do.php?i=Mzg5Mzgy\" target=\"_self\" title=\"\">Di\u00e1rio Oficial Eletr\u00f4nico do Munic\u00edpio em 04 de agosto de 2023</a>.</p>\r\n<ul>\r\n<li><b>QUEM \u00c9 O TITULAR DOS DADOS PESSOAIS?</b></li>\r\n</ul>\r\n<p style=\"text-align: justify; \">O titular \u00e9 a pessoa natural (pessoa f\u00edsica) a quem pertencem os dados pessoais que s\u00e3o objeto de tratamento, ou seja, que s\u00e3o utilizados.</p>\r\n<ul>\r\n<li><b>QUEM \u00c9 O CONTROLADOR?</b></li>\r\n</ul>\r\n<p style=\"text-align: justify; \">O controlador \u00e9 \u201cpessoa natural ou jur\u00eddica, de direito p\u00fablico ou privado, a quem competem as decis\u00f5es referentes ao tratamento de dados pessoais\u201d, LGPD. No caso em quest\u00e3o, o controlador \u00e9 a C\u00e2mara Municipal de Carambe\u00ed.</p>\r\n<ul>\r\n<li><b>QUEM \u00c9 A ANPD?</b></li>\r\n</ul>\r\n<p style=\"text-align: justify; \"><b></b><span>A Autoridade Nacional de Prote\u00e7\u00e3o de Dados - ANPD \u00e9 o \u201c\u00f3rg\u00e3o da administra\u00e7\u00e3o p\u00fablica respons\u00e1vel por zelar, implementar e fiscalizar o cumprimento desta Lei em todo o territ\u00f3rio nacional\u201d, LGPD. O endere\u00e7o eletr\u00f4nico para maiores informa\u00e7\u00f5es est\u00e1 no portal do Governo Federal\u00a0</span><a href=\"https://www.gov.br/anpd/pt-br\" target=\"_blank\"><b>https://www.gov.br/anpd/pt-br</b></a><span>.</span></p>\r\n<ul>\r\n<li><b>ENCARREGADO DE PROTE\u00c7\u00c3O DE DADOS</b></li>\r\n</ul>\r\n<p style=\"text-align: justify; \">O Encarregado Geral de Prote\u00e7\u00e3o de Dados da C\u00e2mara Municipal \u00e9 \u201cpessoa indicada (um titular e um suplente) pelo controlador para atuar como canal de comunica\u00e7\u00e3o entre o controlador, os titulares dos dados e a ANPD, cumprindo com atribui\u00e7\u00f5es constantes em norma t\u00e9cnica espec\u00edfica e com atribui\u00e7\u00f5es que possam vir a ser estabelecidas pela ANPD,\u00a0<b><a title=\"\" href=\"https://www.carambei.pr.leg.br/institucional/copy_of_Portaria712023LGPD.pdf\" class=\"internal-link\" target=\"_self\">Portaria n.\u00b0 71/2023.\u00a0</a></b></p>\r\n<ul>\r\n<li><b>CONTATO DO ENCARREGADOS\u00a0 DE PROTE\u00c7\u00c3O DE DADOS</b></li>\r\n</ul>\r\n<table class=\"plain\">\r\n<tbody>\r\n<tr>\r\n<td>\r\n<p><b>Matr\u00edcula</b></p>\r\n</td>\r\n<td>\r\n<p><b>Nome</b></p>\r\n</td>\r\n<td>\r\n<p><b>Cargo</b></p>\r\n</td>\r\n<td>\r\n<p><b>Fun\u00e7\u00e3o/Responsabilidades</b></p>\r\n</td>\r\n</tr>\r\n<tr>\r\n<td>\r\n<p><b>4-1</b></p>\r\n</td>\r\n<td>\r\n<p>Maria Luiza de Oliveira e Silva Taques</p>\r\n</td>\r\n<td>\r\n<p>T\u00e9cnica Legislativa</p>\r\n</td>\r\n<td>\r\n<p>Controladoria</p>\r\n</td>\r\n</tr>\r\n<tr>\r\n<td>\r\n<p><b>2-1</b></p>\r\n</td>\r\n<td>\r\n<p>Ires Regina Gaudencio da Silva</p>\r\n</td>\r\n<td>\r\n<p>Contadora</p>\r\n</td>\r\n<td>\r\n<p>Respons\u00e1vel pela Transpar\u00eancia do \u00f3rg\u00e3o</p>\r\n</td>\r\n</tr>\r\n<tr>\r\n<td>\r\n<p><b>7-1</b></p>\r\n</td>\r\n<td>\r\n<p>Terezinha Cristiane da Silva de Matos</p>\r\n</td>\r\n<td>\r\n<p>Recepcionista</p>\r\n</td>\r\n<td>\r\n<p>Respons\u00e1vel pela ouvidoria</p>\r\n</td>\r\n</tr>\r\n</tbody>\r\n</table>\r\n<p style=\"text-align: justify; \"><b>Endere\u00e7o:</b>\u00a0Rua da Prata, 99 \u2013Nova Holanda - CEP 84145-000, Fone (42) 3122-3100.</p>\r\n<p style=\"text-align: justify; \"><strong>E-mail:</strong> camara@carambei.pr.leg.br</p>\r\n<ul>\r\n<li><b>DIREITOS DO TITULAR DOS DADOS PESSOAIS</b></li>\r\n</ul>\r\n<p style=\"text-align: justify; \">O titular dos dados pessoais tem direito a obter do controlador, em rela\u00e7\u00e3o aos dados do titular por ele tratados, a qualquer momento e mediante requisi\u00e7\u00e3o:</p>\r\n<p style=\"text-align: justify; \">I - Confirma\u00e7\u00e3o da exist\u00eancia de tratamento;</p>\r\n<p style=\"text-align: justify; \">II - Acesso aos dados;</p>\r\n<p style=\"text-align: justify; \">III - Corre\u00e7\u00e3o de dados incompletos, inexatos ou desatualizados;</p>\r\n<p style=\"text-align: justify; \">IV - Anonimiza\u00e7\u00e3o, bloqueio ou elimina\u00e7\u00e3o de dados desnecess\u00e1rios, excessivos ou tratados em desconformidade com o disposto nesta Lei;</p>\r\n<p style=\"text-align: justify; \">V - Portabilidade dos dados a outro fornecedor de servi\u00e7o ou produto, mediante requisi\u00e7\u00e3o expressa, de acordo com a regulamenta\u00e7\u00e3o da autoridade nacional, observados os segredos comercial e industrial;</p>\r\n<p style=\"text-align: justify; \">VI - Elimina\u00e7\u00e3o dos dados pessoais tratados com o consentimento do titular, exceto nas hip\u00f3teses previstas no art. 16 da LGPD;</p>\r\n<p style=\"text-align: justify; \">VII - Informa\u00e7\u00e3o das entidades p\u00fablicas e privadas com as quais o controlador realizou uso compartilhado de dados;</p>\r\n<p style=\"text-align: justify; \">VIII - Informa\u00e7\u00e3o sobre a possibilidade de n\u00e3o fornecer consentimento e sobre as consequ\u00eancias da negativa;</p>\r\n<p style=\"text-align: justify; \">IX - Revoga\u00e7\u00e3o do consentimento, nos termos do \u00a7 5\u00ba do art. 8\u00ba da LGPD.</p>\r\n<ul>\r\n<li><b>COMO ABRIR UMA REQUISI\u00c7\u00c3O PARA EXERCER OS DIREITOS DE TITULAR DE DADOS PESSOAIS?</b></li>\r\n</ul>\r\n<p style=\"text-align: justify; \">Para exercer seus direitos, basta entrar em contato atrav\u00e9s da se\u00e7\u00e3o <a title=\"\" href=\"https://www.carambei.pr.leg.br/ouvidoria\" class=\"external-link\" target=\"_self\">Ouvidoria</a> e especificar sua solicita\u00e7\u00e3o.</p>", "author_name": "", "version": "1.0", "author_url": "https://www.carambei.pr.leg.br/author/iris", "provider_name": "C\u00e2mara Municipal de Carambe\u00ed", "type": "rich"}